{"id":9689,"date":"2021-03-26T15:53:32","date_gmt":"2021-03-26T14:53:32","guid":{"rendered":"https:\/\/bgz.de\/2021\/03\/26\/gutachter-sieht-keine-gefahr-von-erdfaellen\/"},"modified":"2025-04-25T16:59:56","modified_gmt":"2025-04-25T14:59:56","slug":"gutachter-sieht-keine-gefahr-von-erdfaellen","status":"publish","type":"post","link":"https:\/\/bgz.de\/en\/2021\/03\/26\/gutachter-sieht-keine-gefahr-von-erdfaellen\/","title":{"rendered":"Gutachter sieht keine Gefahr von Erdf\u00e4llen"},"content":{"rendered":"<div class=\"anleser\">W\u00dcRGASSEN \u2013 Im Bereich des geplanten Logistikzentrums besteht nach aktuellen Untersuchungen sowie der Auswertung amtlicher Daten kein Verdacht auf ein \u00fcberdurchschnittliches Erdfallrisiko.<\/div>\n<p>Nach Bekanntwerden von Ver\u00f6ffentlichungen \u00fcber ein angeblich signifikantes Risiko der Bildung von Dolinen und Erdf\u00e4llen im Bereich des k\u00fcnftigen Logistikzentrums Konrad hat die BGZ am heutigen Tag umgehend den von ihr beauftragten Gutachter kontaktiert. Die <em>\u201eSchnack Ingenieurgesellschaft \u2013 Institut f\u00fcr Geotechnik\u201c<\/em>, die im vergangenen Jahr das Bodengrundgutachten f\u00fcr die BGZ angefertigt hatte, stellt dazu fest:<\/p>\n<p><em>\u201eGem\u00e4\u00df der uns vorliegenden Erkundungen (Alterkundungen zur Errichtung des Kernkraftwerks und unsere Neuerkundungen) und \u00f6ffentlich einsehbaren, digitalen Kartenwerken und Datenbanken der L\u00e4nder Nordrhein-Westfalen, Hessen und Niedersachsen besteht f\u00fcr den Baufl\u00e4chenbereich in W\u00fcrgassen kein Verdacht auf ein \u00fcberdurchschnittliches Erdfallrisiko. <\/em><\/p>\n<p><em>\u00a0<\/em><\/p>\n<p><em>Der Baugrund besteht nach unseren gesicherten Erkenntnissen bis rund 80 Meter unter Gel\u00e4nde aus quart\u00e4ren Flussschottern, unterlagert von Sandstein des Mesozoikums (Buntsandstein), <strong>die beide nicht als erdfallgef\u00e4hrdete Schichten<\/strong> einzustufen sind. Die M\u00e4chtigkeit der Buntsandsteinschichten betr\u00e4gt damit mindestens mehrere Zehnermeter, wodurch im gesamten Baufeld ein gut tragf\u00e4higer, kompakter und nicht erdfallgef\u00e4hrdeter, oberfl\u00e4chennaher Untergrund gegeben ist, in den die Bauwerkslasten abgetragen werden.<\/em><\/p>\n<p><em>Im Tieferen werden die Buntsandsteinschichten von teils salzhaltigen Gesteinen des Zechsteins (Pal\u00e4ozoikum) unterlagert, die unter ung\u00fcnstigen Verh\u00e4ltnissen bei Wasserzutritt durch Auswaschung Hohlr\u00e4ume bilden k\u00f6nnen. Das Risiko f\u00fcr L\u00f6sungsvorg\u00e4nge ist hier aufgrund der Tiefenlage der Schichten aber grunds\u00e4tzlich als gering einzustufen, zudem wirken die \u00fcberlagernden Buntstandsteinschichten bedingt durch ihre M\u00e4chtigkeit stabilisierend. <\/em><\/p>\n<p><em>Nach der Erdfallgef\u00e4hrdungskarte des Landes Niedersachsen liegen die n\u00e4chstliegenden bekannten Zechsteinhochlagen, in denen potenziell mit einem erh\u00f6hten Erdfallrisiko zu rechnen ist, erst in rund 25 Kilometer nord\u00f6stlicher Distanz. Gem\u00e4\u00df den geologischen Kartenwerken des Landesamtes Nordrhein-Westfalen ist im gesamten nord\u00f6stlichen Landesgrenzgebiet des Bundeslandes mit dem Vorkommen von Zechsteinschichten im (tieferen) Untergrund zu rechnen, wobei kein gesondertes Gefahrengebiet f\u00fcr den unmittelbaren Baufeldbereich ausgewiesen wird. In der Erdfallgef\u00e4hrdungskarte des Landes Hessen liegen Informationen zu bekannten Erdf\u00e4llen vor, die in den vergangenen 100 Jahren minimal in rund f\u00fcnf Kilometer Distanz zum Baufeld vorgefunden worden, wobei allerdings keine Ursachen\/Dimensionen genannt werden. Da sich diese Erdf\u00e4lle auf Hochlagen des Berglandes und Gebiete mit lokaler \u00dcberdeckung des Buntsandsteins durch Reste terti\u00e4rer und damit deutlich j\u00fcngerer Deckschichten konzentrieren, ist davon auszugehen, dass die Erdf\u00e4lle auf lokal begrenzte, l\u00f6sungsempfindliche Gesteins- bzw. Sedimentvorkommen zur\u00fcckzuf\u00fchren sind und <strong>nicht mit den weitfl\u00e4chig verbreiteten, tiefen Zechsteinschichten zusammenh\u00e4ngen<\/strong>. Diese terti\u00e4ren Baugrundschichten fehlen im Baufeldbereich vollst\u00e4ndig, da sie bereits durch die Weser erodiert wurden. Im n\u00e4heren Umfeld der geplanten Ma\u00dfnahme sind au\u00dferdem gem\u00e4\u00df den nieders\u00e4chsischen Kartenwerken keine Erdf\u00e4lle bekannt. \u00a0<\/em><\/p>\n<p><strong><em>Aufgrund dieser Informationen ist nicht von einem un\u00fcblich erh\u00f6hten Erdfallrisiko f\u00fcr das Baufeld in W\u00fcrgassen auszugehen<\/em><\/strong><em>.\u201c<\/em><\/p>\n<p>Unabh\u00e4ngig von dieser ersten Einsch\u00e4tzung wird die BGZ die Hinweise einer weitergehenden Pr\u00fcfung unterziehen.<\/p>\n<p><strong><em>Hintergrund:<\/em><\/strong><em> Die <\/em><a href=\"http:\/\/www.bgz.de\"><em>BGZ<\/em><\/a><em> hat nach einer Untersuchung von 28 potenziellen Fl\u00e4chen entschieden, ein <\/em><a href=\"\/?page_id=6495\"><em>Logistikzentrum<\/em><\/a><em> f\u00fcr das <\/em><a href=\"https:\/\/www.bge.de\/de\/konrad\/\"><em>Endlager Konrad<\/em><\/a><em> auf dem Gel\u00e4nde des ehemaligen Atomkraftwerks W\u00fcrgassen zu errichten. In dem Logistikzentrum sollen Beh\u00e4lter mit fertig verpackten, schwach- und mittelradioaktiven Abf\u00e4llen aus dezentralen Zwischenlagern f\u00fcr den Transport in das Endlager Konrad passgenau zusammengestellt werden. Damit wird eine z\u00fcgige Einlagerung in das Endlager sichergestellt.<\/em><\/p>\n","protected":false},"excerpt":{"rendered":"<p>W\u00dcRGASSEN \u2013 Im Bereich des geplanten Logistikzentrums besteht nach aktuellen Untersuchungen sowie der Auswertung amtlicher Daten kein Verdacht auf ein \u00fcberdurchschnittliches Erdfallrisiko. Nach Bekanntwerden von Ver\u00f6ffentlichungen \u00fcber ein angeblich signifikantes [&hellip;]<\/p>\n","protected":false},"author":7,"featured_media":7224,"comment_status":"closed","ping_status":"closed","sticky":false,"template":"","format":"standard","meta":{"inline_featured_image":false,"footnotes":""},"categories":[85,56],"tags":[],"class_list":["post-9689","post","type-post","status-publish","format-standard","has-post-thumbnail","hentry","category-lok-en","category-press-release"],"yoast_head":"<!-- This site is optimized with the Yoast SEO plugin v28.4 - https:\/\/yoast.com\/product\/yoast-seo-wordpress\/ -->\n<title>Gutachter sieht keine Gefahr von Erdf\u00e4llen - BGZ Gesellschaft f\u00fcr Zwischenlagerung mbH<\/title>\n<meta name=\"robots\" content=\"index, follow, max-snippet:-1, max-image-preview:large, max-video-preview:-1\" \/>\n<link rel=\"canonical\" href=\"https:\/\/bgz.de\/en\/2021\/03\/26\/gutachter-sieht-keine-gefahr-von-erdfaellen\/\" \/>\n<meta property=\"og:locale\" content=\"en_US\" \/>\n<meta property=\"og:type\" content=\"article\" \/>\n<meta property=\"og:title\" content=\"Gutachter sieht keine Gefahr von Erdf\u00e4llen - BGZ Gesellschaft f\u00fcr Zwischenlagerung mbH\" \/>\n<meta property=\"og:description\" content=\"W\u00dcRGASSEN \u2013 Im Bereich des geplanten Logistikzentrums besteht nach aktuellen Untersuchungen sowie der Auswertung amtlicher Daten kein Verdacht auf ein \u00fcberdurchschnittliches Erdfallrisiko. Nach Bekanntwerden von Ver\u00f6ffentlichungen \u00fcber ein angeblich signifikantes [&hellip;]\" \/>\n<meta property=\"og:url\" content=\"https:\/\/bgz.de\/en\/2021\/03\/26\/gutachter-sieht-keine-gefahr-von-erdfaellen\/\" \/>\n<meta property=\"og:site_name\" content=\"BGZ Gesellschaft f\u00fcr Zwischenlagerung mbH\" \/>\n<meta property=\"article:published_time\" content=\"2021-03-26T14:53:32+00:00\" \/>\n<meta property=\"article:modified_time\" content=\"2025-04-25T14:59:56+00:00\" \/>\n<meta property=\"og:image\" content=\"https:\/\/bgz.de\/wp-content\/uploads\/2021\/01\/startbild-beverungen.jpg\" \/>\n\t<meta property=\"og:image:width\" content=\"1774\" \/>\n\t<meta property=\"og:image:height\" content=\"997\" \/>\n\t<meta property=\"og:image:type\" content=\"image\/jpeg\" \/>\n<meta name=\"author\" content=\"Hendrik Kranert-Rydzy\" \/>\n<meta name=\"twitter:card\" content=\"summary_large_image\" \/>\n<meta name=\"twitter:creator\" content=\"@die_bgz\" \/>\n<meta name=\"twitter:site\" content=\"@die_bgz\" \/>\n<meta name=\"twitter:label1\" content=\"Written by\" \/>\n\t<meta name=\"twitter:data1\" content=\"Hendrik Kranert-Rydzy\" \/>\n\t<meta name=\"twitter:label2\" content=\"Est. reading time\" \/>\n\t<meta name=\"twitter:data2\" content=\"3 minutes\" \/>\n<script type=\"application\/ld+json\" class=\"yoast-schema-graph\">{\"@context\":\"https:\\\/\\\/schema.org\",\"@graph\":[{\"@type\":\"NewsArticle\",\"@id\":\"https:\\\/\\\/bgz.de\\\/en\\\/2021\\\/03\\\/26\\\/gutachter-sieht-keine-gefahr-von-erdfaellen\\\/#article\",\"isPartOf\":{\"@id\":\"https:\\\/\\\/bgz.de\\\/en\\\/2021\\\/03\\\/26\\\/gutachter-sieht-keine-gefahr-von-erdfaellen\\\/\"},\"author\":{\"name\":\"Hendrik Kranert-Rydzy\",\"@id\":\"https:\\\/\\\/bgz.de\\\/en\\\/#\\\/schema\\\/person\\\/5a7ff7cc95fd490fb7758ae3102fb7f6\"},\"headline\":\"Gutachter sieht keine Gefahr von Erdf\u00e4llen\",\"datePublished\":\"2021-03-26T14:53:32+00:00\",\"dateModified\":\"2025-04-25T14:59:56+00:00\",\"mainEntityOfPage\":{\"@id\":\"https:\\\/\\\/bgz.de\\\/en\\\/2021\\\/03\\\/26\\\/gutachter-sieht-keine-gefahr-von-erdfaellen\\\/\"},\"wordCount\":560,\"publisher\":{\"@id\":\"https:\\\/\\\/bgz.de\\\/en\\\/#organization\"},\"image\":{\"@id\":\"https:\\\/\\\/bgz.de\\\/en\\\/2021\\\/03\\\/26\\\/gutachter-sieht-keine-gefahr-von-erdfaellen\\\/#primaryimage\"},\"thumbnailUrl\":\"https:\\\/\\\/bgz.de\\\/wp-content\\\/uploads\\\/2021\\\/01\\\/startbild-beverungen.jpg\",\"articleSection\":[\"LOK\",\"Press release\"],\"inLanguage\":\"en-US\"},{\"@type\":\"WebPage\",\"@id\":\"https:\\\/\\\/bgz.de\\\/en\\\/2021\\\/03\\\/26\\\/gutachter-sieht-keine-gefahr-von-erdfaellen\\\/\",\"url\":\"https:\\\/\\\/bgz.de\\\/en\\\/2021\\\/03\\\/26\\\/gutachter-sieht-keine-gefahr-von-erdfaellen\\\/\",\"name\":\"Gutachter sieht keine Gefahr von Erdf\u00e4llen - BGZ Gesellschaft f\u00fcr Zwischenlagerung mbH\",\"isPartOf\":{\"@id\":\"https:\\\/\\\/bgz.de\\\/en\\\/#website\"},\"primaryImageOfPage\":{\"@id\":\"https:\\\/\\\/bgz.de\\\/en\\\/2021\\\/03\\\/26\\\/gutachter-sieht-keine-gefahr-von-erdfaellen\\\/#primaryimage\"},\"image\":{\"@id\":\"https:\\\/\\\/bgz.de\\\/en\\\/2021\\\/03\\\/26\\\/gutachter-sieht-keine-gefahr-von-erdfaellen\\\/#primaryimage\"},\"thumbnailUrl\":\"https:\\\/\\\/bgz.de\\\/wp-content\\\/uploads\\\/2021\\\/01\\\/startbild-beverungen.jpg\",\"datePublished\":\"2021-03-26T14:53:32+00:00\",\"dateModified\":\"2025-04-25T14:59:56+00:00\",\"breadcrumb\":{\"@id\":\"https:\\\/\\\/bgz.de\\\/en\\\/2021\\\/03\\\/26\\\/gutachter-sieht-keine-gefahr-von-erdfaellen\\\/#breadcrumb\"},\"inLanguage\":\"en-US\",\"potentialAction\":[{\"@type\":\"ReadAction\",\"target\":[\"https:\\\/\\\/bgz.de\\\/en\\\/2021\\\/03\\\/26\\\/gutachter-sieht-keine-gefahr-von-erdfaellen\\\/\"]}]},{\"@type\":\"ImageObject\",\"inLanguage\":\"en-US\",\"@id\":\"https:\\\/\\\/bgz.de\\\/en\\\/2021\\\/03\\\/26\\\/gutachter-sieht-keine-gefahr-von-erdfaellen\\\/#primaryimage\",\"url\":\"https:\\\/\\\/bgz.de\\\/wp-content\\\/uploads\\\/2021\\\/01\\\/startbild-beverungen.jpg\",\"contentUrl\":\"https:\\\/\\\/bgz.de\\\/wp-content\\\/uploads\\\/2021\\\/01\\\/startbild-beverungen.jpg\",\"width\":1774,\"height\":997},{\"@type\":\"BreadcrumbList\",\"@id\":\"https:\\\/\\\/bgz.de\\\/en\\\/2021\\\/03\\\/26\\\/gutachter-sieht-keine-gefahr-von-erdfaellen\\\/#breadcrumb\",\"itemListElement\":[{\"@type\":\"ListItem\",\"position\":1,\"name\":\"Startseite\",\"item\":\"https:\\\/\\\/bgz.de\\\/en\\\/homepage-en\\\/\"},{\"@type\":\"ListItem\",\"position\":2,\"name\":\"Gutachter sieht keine Gefahr von Erdf\u00e4llen\"}]},{\"@type\":\"WebSite\",\"@id\":\"https:\\\/\\\/bgz.de\\\/en\\\/#website\",\"url\":\"https:\\\/\\\/bgz.de\\\/en\\\/\",\"name\":\"BGZ Gesellschaft f\u00fcr Zwischenlagerung mbH\",\"description\":\"\",\"publisher\":{\"@id\":\"https:\\\/\\\/bgz.de\\\/en\\\/#organization\"},\"potentialAction\":[{\"@type\":\"SearchAction\",\"target\":{\"@type\":\"EntryPoint\",\"urlTemplate\":\"https:\\\/\\\/bgz.de\\\/en\\\/?s={search_term_string}\"},\"query-input\":{\"@type\":\"PropertyValueSpecification\",\"valueRequired\":true,\"valueName\":\"search_term_string\"}}],\"inLanguage\":\"en-US\"},{\"@type\":\"Organization\",\"@id\":\"https:\\\/\\\/bgz.de\\\/en\\\/#organization\",\"name\":\"BGZ Gesellschaft f\u00fcr Zwischenlagerung mbH\",\"url\":\"https:\\\/\\\/bgz.de\\\/en\\\/\",\"logo\":{\"@type\":\"ImageObject\",\"inLanguage\":\"en-US\",\"@id\":\"https:\\\/\\\/bgz.de\\\/en\\\/#\\\/schema\\\/logo\\\/image\\\/\",\"url\":\"https:\\\/\\\/bgz.de\\\/wp-content\\\/uploads\\\/2017\\\/08\\\/bgz_logo_internet.png\",\"contentUrl\":\"https:\\\/\\\/bgz.de\\\/wp-content\\\/uploads\\\/2017\\\/08\\\/bgz_logo_internet.png\",\"width\":340,\"height\":156,\"caption\":\"BGZ Gesellschaft f\u00fcr Zwischenlagerung mbH\"},\"image\":{\"@id\":\"https:\\\/\\\/bgz.de\\\/en\\\/#\\\/schema\\\/logo\\\/image\\\/\"},\"sameAs\":[\"https:\\\/\\\/x.com\\\/die_bgz\",\"https:\\\/\\\/de.wikipedia.org\\\/wiki\\\/BGZ_Gesellschaft_f\u00fcr_Zwischenlagerung\",\"https:\\\/\\\/www.xing.com\\\/pages\\\/bgz-gesellschaft-fuer-zwischenlagerung-mbh\",\"https:\\\/\\\/www.linkedin.com\\\/company\\\/bgz-gesellschaft-fr-zwischenlagerung-mbh\\\/\"]},{\"@type\":\"Person\",\"@id\":\"https:\\\/\\\/bgz.de\\\/en\\\/#\\\/schema\\\/person\\\/5a7ff7cc95fd490fb7758ae3102fb7f6\",\"name\":\"Hendrik Kranert-Rydzy\",\"image\":{\"@type\":\"ImageObject\",\"inLanguage\":\"en-US\",\"@id\":\"https:\\\/\\\/secure.gravatar.com\\\/avatar\\\/73d7158dca5c4492e24d1d1da623c820260150868e918ef3b7650b1ab616bf12?s=96&d=mm&r=g\",\"url\":\"https:\\\/\\\/secure.gravatar.com\\\/avatar\\\/73d7158dca5c4492e24d1d1da623c820260150868e918ef3b7650b1ab616bf12?s=96&d=mm&r=g\",\"contentUrl\":\"https:\\\/\\\/secure.gravatar.com\\\/avatar\\\/73d7158dca5c4492e24d1d1da623c820260150868e918ef3b7650b1ab616bf12?s=96&d=mm&r=g\",\"caption\":\"Hendrik Kranert-Rydzy\"},\"url\":\"https:\\\/\\\/bgz.de\\\/en\\\/author\\\/hendrikkranert\\\/\"}]}<\/script>\n<!-- \/ Yoast SEO plugin. -->","yoast_head_json":{"title":"Gutachter sieht keine Gefahr von Erdf\u00e4llen - BGZ Gesellschaft f\u00fcr Zwischenlagerung mbH","robots":{"index":"index","follow":"follow","max-snippet":"max-snippet:-1","max-image-preview":"max-image-preview:large","max-video-preview":"max-video-preview:-1"},"canonical":"https:\/\/bgz.de\/en\/2021\/03\/26\/gutachter-sieht-keine-gefahr-von-erdfaellen\/","og_locale":"en_US","og_type":"article","og_title":"Gutachter sieht keine Gefahr von Erdf\u00e4llen - BGZ Gesellschaft f\u00fcr Zwischenlagerung mbH","og_description":"W\u00dcRGASSEN \u2013 Im Bereich des geplanten Logistikzentrums besteht nach aktuellen Untersuchungen sowie der Auswertung amtlicher Daten kein Verdacht auf ein \u00fcberdurchschnittliches Erdfallrisiko. Nach Bekanntwerden von Ver\u00f6ffentlichungen \u00fcber ein angeblich signifikantes [&hellip;]","og_url":"https:\/\/bgz.de\/en\/2021\/03\/26\/gutachter-sieht-keine-gefahr-von-erdfaellen\/","og_site_name":"BGZ Gesellschaft f\u00fcr Zwischenlagerung mbH","article_published_time":"2021-03-26T14:53:32+00:00","article_modified_time":"2025-04-25T14:59:56+00:00","og_image":[{"width":1774,"height":997,"url":"https:\/\/bgz.de\/wp-content\/uploads\/2021\/01\/startbild-beverungen.jpg","type":"image\/jpeg"}],"author":"Hendrik Kranert-Rydzy","twitter_card":"summary_large_image","twitter_creator":"@die_bgz","twitter_site":"@die_bgz","twitter_misc":{"Written by":"Hendrik Kranert-Rydzy","Est. reading time":"3 minutes"},"schema":{"@context":"https:\/\/schema.org","@graph":[{"@type":"NewsArticle","@id":"https:\/\/bgz.de\/en\/2021\/03\/26\/gutachter-sieht-keine-gefahr-von-erdfaellen\/#article","isPartOf":{"@id":"https:\/\/bgz.de\/en\/2021\/03\/26\/gutachter-sieht-keine-gefahr-von-erdfaellen\/"},"author":{"name":"Hendrik Kranert-Rydzy","@id":"https:\/\/bgz.de\/en\/#\/schema\/person\/5a7ff7cc95fd490fb7758ae3102fb7f6"},"headline":"Gutachter sieht keine Gefahr von Erdf\u00e4llen","datePublished":"2021-03-26T14:53:32+00:00","dateModified":"2025-04-25T14:59:56+00:00","mainEntityOfPage":{"@id":"https:\/\/bgz.de\/en\/2021\/03\/26\/gutachter-sieht-keine-gefahr-von-erdfaellen\/"},"wordCount":560,"publisher":{"@id":"https:\/\/bgz.de\/en\/#organization"},"image":{"@id":"https:\/\/bgz.de\/en\/2021\/03\/26\/gutachter-sieht-keine-gefahr-von-erdfaellen\/#primaryimage"},"thumbnailUrl":"https:\/\/bgz.de\/wp-content\/uploads\/2021\/01\/startbild-beverungen.jpg","articleSection":["LOK","Press release"],"inLanguage":"en-US"},{"@type":"WebPage","@id":"https:\/\/bgz.de\/en\/2021\/03\/26\/gutachter-sieht-keine-gefahr-von-erdfaellen\/","url":"https:\/\/bgz.de\/en\/2021\/03\/26\/gutachter-sieht-keine-gefahr-von-erdfaellen\/","name":"Gutachter sieht keine Gefahr von Erdf\u00e4llen - BGZ Gesellschaft f\u00fcr Zwischenlagerung mbH","isPartOf":{"@id":"https:\/\/bgz.de\/en\/#website"},"primaryImageOfPage":{"@id":"https:\/\/bgz.de\/en\/2021\/03\/26\/gutachter-sieht-keine-gefahr-von-erdfaellen\/#primaryimage"},"image":{"@id":"https:\/\/bgz.de\/en\/2021\/03\/26\/gutachter-sieht-keine-gefahr-von-erdfaellen\/#primaryimage"},"thumbnailUrl":"https:\/\/bgz.de\/wp-content\/uploads\/2021\/01\/startbild-beverungen.jpg","datePublished":"2021-03-26T14:53:32+00:00","dateModified":"2025-04-25T14:59:56+00:00","breadcrumb":{"@id":"https:\/\/bgz.de\/en\/2021\/03\/26\/gutachter-sieht-keine-gefahr-von-erdfaellen\/#breadcrumb"},"inLanguage":"en-US","potentialAction":[{"@type":"ReadAction","target":["https:\/\/bgz.de\/en\/2021\/03\/26\/gutachter-sieht-keine-gefahr-von-erdfaellen\/"]}]},{"@type":"ImageObject","inLanguage":"en-US","@id":"https:\/\/bgz.de\/en\/2021\/03\/26\/gutachter-sieht-keine-gefahr-von-erdfaellen\/#primaryimage","url":"https:\/\/bgz.de\/wp-content\/uploads\/2021\/01\/startbild-beverungen.jpg","contentUrl":"https:\/\/bgz.de\/wp-content\/uploads\/2021\/01\/startbild-beverungen.jpg","width":1774,"height":997},{"@type":"BreadcrumbList","@id":"https:\/\/bgz.de\/en\/2021\/03\/26\/gutachter-sieht-keine-gefahr-von-erdfaellen\/#breadcrumb","itemListElement":[{"@type":"ListItem","position":1,"name":"Startseite","item":"https:\/\/bgz.de\/en\/homepage-en\/"},{"@type":"ListItem","position":2,"name":"Gutachter sieht keine Gefahr von Erdf\u00e4llen"}]},{"@type":"WebSite","@id":"https:\/\/bgz.de\/en\/#website","url":"https:\/\/bgz.de\/en\/","name":"BGZ Gesellschaft f\u00fcr Zwischenlagerung mbH","description":"","publisher":{"@id":"https:\/\/bgz.de\/en\/#organization"},"potentialAction":[{"@type":"SearchAction","target":{"@type":"EntryPoint","urlTemplate":"https:\/\/bgz.de\/en\/?s={search_term_string}"},"query-input":{"@type":"PropertyValueSpecification","valueRequired":true,"valueName":"search_term_string"}}],"inLanguage":"en-US"},{"@type":"Organization","@id":"https:\/\/bgz.de\/en\/#organization","name":"BGZ Gesellschaft f\u00fcr Zwischenlagerung mbH","url":"https:\/\/bgz.de\/en\/","logo":{"@type":"ImageObject","inLanguage":"en-US","@id":"https:\/\/bgz.de\/en\/#\/schema\/logo\/image\/","url":"https:\/\/bgz.de\/wp-content\/uploads\/2017\/08\/bgz_logo_internet.png","contentUrl":"https:\/\/bgz.de\/wp-content\/uploads\/2017\/08\/bgz_logo_internet.png","width":340,"height":156,"caption":"BGZ Gesellschaft f\u00fcr Zwischenlagerung mbH"},"image":{"@id":"https:\/\/bgz.de\/en\/#\/schema\/logo\/image\/"},"sameAs":["https:\/\/x.com\/die_bgz","https:\/\/de.wikipedia.org\/wiki\/BGZ_Gesellschaft_f\u00fcr_Zwischenlagerung","https:\/\/www.xing.com\/pages\/bgz-gesellschaft-fuer-zwischenlagerung-mbh","https:\/\/www.linkedin.com\/company\/bgz-gesellschaft-fr-zwischenlagerung-mbh\/"]},{"@type":"Person","@id":"https:\/\/bgz.de\/en\/#\/schema\/person\/5a7ff7cc95fd490fb7758ae3102fb7f6","name":"Hendrik Kranert-Rydzy","image":{"@type":"ImageObject","inLanguage":"en-US","@id":"https:\/\/secure.gravatar.com\/avatar\/73d7158dca5c4492e24d1d1da623c820260150868e918ef3b7650b1ab616bf12?s=96&d=mm&r=g","url":"https:\/\/secure.gravatar.com\/avatar\/73d7158dca5c4492e24d1d1da623c820260150868e918ef3b7650b1ab616bf12?s=96&d=mm&r=g","contentUrl":"https:\/\/secure.gravatar.com\/avatar\/73d7158dca5c4492e24d1d1da623c820260150868e918ef3b7650b1ab616bf12?s=96&d=mm&r=g","caption":"Hendrik Kranert-Rydzy"},"url":"https:\/\/bgz.de\/en\/author\/hendrikkranert\/"}]}},"_links":{"self":[{"href":"https:\/\/bgz.de\/en\/wp-json\/wp\/v2\/posts\/9689","targetHints":{"allow":["GET"]}}],"collection":[{"href":"https:\/\/bgz.de\/en\/wp-json\/wp\/v2\/posts"}],"about":[{"href":"https:\/\/bgz.de\/en\/wp-json\/wp\/v2\/types\/post"}],"author":[{"embeddable":true,"href":"https:\/\/bgz.de\/en\/wp-json\/wp\/v2\/users\/7"}],"replies":[{"embeddable":true,"href":"https:\/\/bgz.de\/en\/wp-json\/wp\/v2\/comments?post=9689"}],"version-history":[{"count":1,"href":"https:\/\/bgz.de\/en\/wp-json\/wp\/v2\/posts\/9689\/revisions"}],"predecessor-version":[{"id":21919,"href":"https:\/\/bgz.de\/en\/wp-json\/wp\/v2\/posts\/9689\/revisions\/21919"}],"wp:featuredmedia":[{"embeddable":true,"href":"https:\/\/bgz.de\/en\/wp-json\/wp\/v2\/media\/7224"}],"wp:attachment":[{"href":"https:\/\/bgz.de\/en\/wp-json\/wp\/v2\/media?parent=9689"}],"wp:term":[{"taxonomy":"category","embeddable":true,"href":"https:\/\/bgz.de\/en\/wp-json\/wp\/v2\/categories?post=9689"},{"taxonomy":"post_tag","embeddable":true,"href":"https:\/\/bgz.de\/en\/wp-json\/wp\/v2\/tags?post=9689"}],"curies":[{"name":"wp","href":"https:\/\/api.w.org\/{rel}","templated":true}]}}